{"id":638,"date":"2011-02-23T09:51:08","date_gmt":"2011-02-23T09:51:08","guid":{"rendered":"http:\/\/www.bockenberg-borussen.de\/?p=638"},"modified":"2019-04-09T23:28:23","modified_gmt":"2019-04-09T23:28:23","slug":"neues-vom-fpmg-uber-initiative-borussia-mitgliederoffensive-auserungen","status":"publish","type":"post","link":"http:\/\/www.bockenberg-borussen.de\/?p=638","title":{"rendered":"Neues vom FPMG \u00fcber Initiative Borussia &#8211; Mitgliederoffensive &#8211; A\u00fc\u00dferungen"},"content":{"rendered":"<p>Quelle : www.fanprojekt.de<\/p>\n<table>\n<tbody>\n<tr>\n<td width=\"100%\">Wie positioniert sich das Fanprojekt \u2013  Initiative Borussia &#8211; Mitgliederoffensive?<\/td>\n<td width=\"100%\" align=\"right\"><a title=\"Drucken\" href=\"http:\/\/fanprojekt.de\/index2.php?option=com_content&amp;task=view&amp;id=1350&amp;pop=1&amp;page=0&amp;Itemid=71\" target=\"_blank\" rel=\"noopener noreferrer\"><img decoding=\"async\" src=\"http:\/\/fanprojekt.de\/templates\/MG\/images\/printButton.png\" alt=\"Drucken\" border=\"0\" align=\"middle\"><\/a><\/td>\n<td width=\"100%\" align=\"right\"><a title=\"E-Mail\" href=\"http:\/\/fanprojekt.de\/index2.php?option=com_content&amp;task=emailform&amp;id=1350&amp;itemid=71\" target=\"_blank\" rel=\"noopener noreferrer\"><img decoding=\"async\" src=\"http:\/\/fanprojekt.de\/templates\/MG\/images\/emailButton.png\" alt=\"E-Mail\" border=\"0\" align=\"middle\"><\/a><\/td>\n<\/tr>\n<\/tbody>\n<\/table>\n<table>\n<tbody>\n<tr>\n<td colspan=\"2\" valign=\"top\">Mittwoch, 23. Februar 2011<\/td>\n<\/tr>\n<tr>\n<td colspan=\"2\" valign=\"top\">\n<div><img loading=\"lazy\" decoding=\"async\" src=\"http:\/\/fanprojekt.de\/images\/logos\/fp_logo_ausschnitt_neu.png\" alt=\"\" width=\"119\" height=\"88\" align=\"left\">Nachdem es in diversen Foren und auch in Einzelgespr\u00e4chen mit Fans am  Spieltag immer wieder Thema wurde, m\u00f6chten wir als Fanprojekt M\u00f6nchengladbach  kurz erl\u00e4utern, warum wir bisher weder zur \u201eInitiative Borussia\u201c noch zur  \u201eMitgliederoffensive\u201c \u00f6ffentlich Stellung bezogen haben.<\/p>\n<p>Bitte lest dazu  den folgenden Text:<\/p>\n<\/div>\n<div>Als einzige von Borussia anerkannte Dachorganisation  aller Fans und als Fanvertretung von Fans f\u00fcr Fans werden wir auf unserer  eigenen Jahreshauptversammlung am 27.04.2011 das Thema mit unseren Mitgliedern  ausgiebig diskutieren. Aus dieser Mitgliederversammlung heraus werden wir erst  den sog. \u201eDoppelmitgliedern\u201c eine Empfehlung f\u00fcr die MV Borussias geben  k\u00f6nnen.<br \/>\nDer Vorstand m\u00f6chte bei diesem sehr sensiblen Thema erst nach der  eigenen JHV eine demokratisch mit den Mitgliedern abgestimmte Positionierung  vornehmen.<\/p>\n<p>Bereits gestern hatte allerdings der erste Vorsitzende Thomas  Ludwig auf Nachfrage bei Borussia (und auf www.borussia.de) klar verdeutlicht,  dass der Vorstand des FPMG nichts von einer vorgezogenen Mitgliederversammlung  Borussias h\u00e4lt.<\/p>\n<p>Was der Verein und die Fanszene in der jetzigen Zeit  brauchen, ist die n\u00f6tige Ruhe und Konzentration auf das Wesentliche, um das  Saisonziel \u201eKlassenerhalt\u201c gemeinsam doch noch zu realisieren.<\/p>\n<p>Jegliche  Nebenkriegsschaupl\u00e4tze lehnen wir daher vehement ab und fordern alle Fans von  Borussia sowie \u201eInitiativen\u201c und \u201eOffensiven\u201c auf, sich diesem Motto  anzuschlie\u00dfen.<br \/>\nJeder Borusse, der die Raute im Herzen tr\u00e4gt wird sicher zu  100 % hinter dieser Haltung stehen.<\/p>\n<p>Wir appellieren in diesen unruhigen  Zeiten an alle, egal ob ehemalige Borussen oder aktive Mitglieder, bei ihren  \u00c4u\u00dferungen die Menschenw\u00fcrde nicht au\u00dfer Acht zu lassen. Sport soll Werte wie  Verbundenheit mit dem Verein und der eigenen Mannschaft, Einsatzbereitschaft  (auch in schlechten Zeiten) und Durchhalteverm\u00f6gen an unsere heranwachsende  Generation vermitteln. Einige Ver\u00f6ffentlichungen der letzten Tage vermitteln  diese Werte nicht. Das geh\u00f6rt nicht zu unserer Borussia!<\/p>\n<p>Unsere noch zu  treffende Entscheidung wird ganz sachlich und alleine auf der Beantwortung  dieser Frage basieren: Welche Auswirkungen haben die Satzungs\u00e4nderungen auf die  Struktur und die mittel- bis langfristige Entwicklung des Vereins, insbesondere  im Hinblick auf die neuen europ\u00e4ischen Lizenzierungsregeln der UEFA. Die  Mitglieder des FPMG werden frei von den Personen, die aktuell den Verein f\u00fchren,  und denen, die Antr\u00e4ge eingebracht haben entscheiden. Dauerhaftes \u00dcberleben des  Vereins ist f\u00fcr uns Fans ein h\u00f6heres Gut als kurzzeitiger Erfolg, der wom\u00f6glich  die Existenz des Vereins gef\u00e4hrdet.<\/p>\n<p>Am Ende der Saison, d. h. auf der  Mitgliederversammlung kann dann in aller Ruhe abgerechnet und in die Zukunft  geblickt werden!<\/p>\n<p>-Der Vorstand-<\/p>\n<\/div>\n<\/td>\n<\/tr>\n<\/tbody>\n<\/table>\n","protected":false},"excerpt":{"rendered":"<p>Quelle : www.fanprojekt.de Wie positioniert sich das Fanprojekt \u2013 Initiative Borussia &#8211; Mitgliederoffensive? Mittwoch, 23. Februar 2011 Nachdem es in diversen Foren und auch in Einzelgespr\u00e4chen mit Fans am Spieltag immer wieder Thema wurde, m\u00f6chten wir als Fanprojekt M\u00f6nchengladbach kurz erl\u00e4utern, warum wir bisher weder zur \u201eInitiative Borussia\u201c noch zur \u201eMitgliederoffensive\u201c \u00f6ffentlich Stellung bezogen haben. [&hellip;]<\/p>\n","protected":false},"author":2,"featured_media":0,"comment_status":"closed","ping_status":"closed","sticky":false,"template":"","format":"standard","meta":{"footnotes":""},"categories":[10],"tags":[],"class_list":["post-638","post","type-post","status-publish","format-standard","hentry","category-news-borussia"],"_links":{"self":[{"href":"http:\/\/www.bockenberg-borussen.de\/index.php?rest_route=\/wp\/v2\/posts\/638","targetHints":{"allow":["GET"]}}],"collection":[{"href":"http:\/\/www.bockenberg-borussen.de\/index.php?rest_route=\/wp\/v2\/posts"}],"about":[{"href":"http:\/\/www.bockenberg-borussen.de\/index.php?rest_route=\/wp\/v2\/types\/post"}],"author":[{"embeddable":true,"href":"http:\/\/www.bockenberg-borussen.de\/index.php?rest_route=\/wp\/v2\/users\/2"}],"replies":[{"embeddable":true,"href":"http:\/\/www.bockenberg-borussen.de\/index.php?rest_route=%2Fwp%2Fv2%2Fcomments&post=638"}],"version-history":[{"count":4,"href":"http:\/\/www.bockenberg-borussen.de\/index.php?rest_route=\/wp\/v2\/posts\/638\/revisions"}],"predecessor-version":[{"id":2056,"href":"http:\/\/www.bockenberg-borussen.de\/index.php?rest_route=\/wp\/v2\/posts\/638\/revisions\/2056"}],"wp:attachment":[{"href":"http:\/\/www.bockenberg-borussen.de\/index.php?rest_route=%2Fwp%2Fv2%2Fmedia&parent=638"}],"wp:term":[{"taxonomy":"category","embeddable":true,"href":"http:\/\/www.bockenberg-borussen.de\/index.php?rest_route=%2Fwp%2Fv2%2Fcategories&post=638"},{"taxonomy":"post_tag","embeddable":true,"href":"http:\/\/www.bockenberg-borussen.de\/index.php?rest_route=%2Fwp%2Fv2%2Ftags&post=638"}],"curies":[{"name":"wp","href":"https:\/\/api.w.org\/{rel}","templated":true}]}}