{"id":1444,"date":"2015-01-20T08:18:08","date_gmt":"2015-01-20T08:18:08","guid":{"rendered":"http:\/\/www.bockenberg-borussen.de\/?p=1444"},"modified":"2019-04-09T23:18:23","modified_gmt":"2019-04-09T23:18:23","slug":"danke-filip","status":"publish","type":"post","link":"http:\/\/www.bockenberg-borussen.de\/?p=1444","title":{"rendered":"Danke Filip!"},"content":{"rendered":"<p>F\u00fcr 10 Jahre Leidenschaft, Einsatzbereitschaft, Zuverl\u00e4ssigkeit, Verantwortungsbewusstsein, Ehrgeiz, Coolnis \ud83d\ude09 Treue (auch in der Zweiten Liga).<\/p>\n<p>Deine Bockenberg Borussen<\/p>\n<p>Quelle: www.Borussia.de<\/p>\n<h2>Ein Jahrzehnt Borusse<\/h2>\n<div>\n<dl>\n<dt><a rel=\"nxLightbox_ttnews\" href=\"http:\/\/www.borussia.de\/typo3temp\/GB\/daems_02_c953e9a694.jpg\"><img loading=\"lazy\" decoding=\"async\" title=\"Ein Jahrzehnt Borusse\" src=\"http:\/\/www.borussia.de\/typo3temp\/GB\/daems_02_c521564a0a_f76f5f2cb2.png\" alt=\"Ein Jahrzehnt Borusse\" width=\"285\" height=\"189\"><\/a><\/dt>\n<dd><em>Seit zehn Jahren Borusse: Filip Daems.<\/em><\/dd>\n<\/dl>\n<div>\n<p><em><a title=\"Filip Daems (#3)\" href=\"http:\/\/www.borussia.de\/de\/team-saison\/die-fohlenelf\/spielerkader.html?playerid=16&amp;cHash=64119cedad11810fac2d60fd3fb444e2\">Filip Daems<\/a> ist seit dem heutigen Dienstag auf den Tag genau seit zehn Jahren Borusse.<\/em><\/p>\n<p>\u201eFast ein Drittel meines Lebens bin ich nun schon Borusse. Als  Ausl\u00e4nder so lange in einem Verein zu sein, ist etwas Besonderes. Das  bedeutet mir sehr viel und ich bin stolz darauf, seit zehn Jahren bei  Borussia zu spielen\u201c, so Daems. Sportdirektor Max Eberl betont: \u201eZehn  Jahre sind im Profifu\u00dfball eine au\u00dfergew\u00f6hnlich lange Zeit, aber bei  Filip handelt es sich auch um einen Ausnahme-Profi. Er ist mit 36 Jahren  immer noch topfit, ein Vorbild in Sachen Einstellung und Flei\u00df und hat  es sich mit seinen guten Leistungen absolut verdient, dieses Jubil\u00e4um  feiern zu d\u00fcrfen.\u201c Dabei lie\u00df Daems\u2018 Anfangszeit bei Borussia nicht  unbedingt vermuten, dass er so lange bleiben w\u00fcrde. In seinen ersten  vier Jahren in Gladbach erlebte er f\u00fcnf Trainerwechsel und auch das  Spielerkarussell drehte sich ziemlich schnell. Daems aber blieb der  Fohlenelf treu und erlebte als Leistungstr\u00e4ger in den vergangenen Jahren  viele besondere Momente &#8211; darunter vereinshistorische wie die Champions  League-Qualifikationsspiele gegen Dynamo Kiew im August 2012. Aber auch  der Last-Minute-Klassenerhalt 2010\/11, der berauschende Sturm auf Platz  vier im Jahr danach, die Europapokalspiele in der Spielzeit 2012\/13  oder das Erreichen von Platz sechs in der vergangenen Saison sind  untrennbar mit seinem Namen verbunden.<\/p>\n<p>Am 20. Januar 2005 wechselte <a title=\"Filip Daems (#3)\" href=\"http:\/\/www.borussia.de\/de\/team-saison\/die-fohlenelf\/spielerkader.html?playerid=16&amp;cHash=64119cedad11810fac2d60fd3fb444e2\">Filip Daems<\/a> von Genclerbirligi Ankara zu Borussia. Der Belgier ist der sechste  Neuzugang in diesem Winter und soll dabei mithelfen, den drohenden  Abstieg aus der Bundesliga zu verhindern &#8211; die Fohlenelf steht unter dem  neuen Trainer Dick Advocaat mit 17 Punkten zur Winterpause auf dem 15.  Tabellenplatz. \u201eIch habe damals nicht lange \u00fcberlegt. Wegen meiner  Familie und der N\u00e4he zu Belgien passte das aus privaten Gr\u00fcnden gut,  aber auch sportlich war es eine gro\u00dfe Herausforderung f\u00fcr mich, in der  Bundesliga zu spielen\u201c, so Daems, der seitdem wieder in seinem Heimatort  Geel wohnt. Sein Deb\u00fct in der h\u00f6chsten deutschen Spielklasse feierte er  nur neun Tage sp\u00e4ter, am 29. Januar 2005, als er im Ausw\u00e4rtsspiel bei  Borussia Dortmund (1:1) gleich in der Startelf stand. Bis zum Saisonende  lief der Verteidiger elf Mal mit der Raute auf der Brust auf und hatte  damit seinen Anteil am Klassenerhalt der Fohlenelf.<\/p>\n<p><strong>232 Pflichtspiele f\u00fcr Borussia<\/strong><\/p>\n<p>Auch in der folgenden Saison 2005\/06 z\u00e4hlte Daems zu den Stammkr\u00e4ften  der Fohlenelf. Die Spielzeit 2006\/07, nach der Borussia den Gang in die  2. Liga antreten muss, verpasste er verletzungsbedingt komplett. Bis  heute hat <a title=\"Filip Daems (#3)\" href=\"http:\/\/www.borussia.de\/de\/team-saison\/die-fohlenelf\/spielerkader.html?playerid=16&amp;cHash=64119cedad11810fac2d60fd3fb444e2\">Filip Daems<\/a> 232 Pflichtspiele f\u00fcr die Fohlenelf bestritten. Besonders in Erinnerung  geblieben ist ihm ein Spiel aus der Zweitligasaison 2007\/08. Im Derby  gegen den 1. FC K\u00f6ln (2:2) feierte er nach seiner langen Leidenszeit  sein Startelf-Comeback und erzielte zudem sein erstes Tor im Dress der  Fohlenelf. Anschlie\u00dfend verpasste Daems auf dem Weg zum direkten  Wiederaufstieg als Leistungstr\u00e4ger keine Spielminute. Aber auch der  wichtige Last-Minute-Sieg gegen den FC Schalke 04 im Mai 2009 oder die  Relegationsspiele gegen den VfL Bochum z\u00e4hlen zu seinen pers\u00f6nlichen  Highlights aus zehn Jahren Borussia. \u201eIch habe hier viele H\u00f6hen und  Tiefen erlebt, aber diese emotionalen Momente vergisst man nat\u00fcrlich  nicht\u201c, betont Daems.<\/p>\n<p><strong>Rekordhalter und F\u00fchrungsspieler<\/strong><\/p>\n<p>In den vergangenen Jahren ging der sympathische Belgier stets als  F\u00fchrungsspieler voran und trug ma\u00dfgeblich zur Entwicklung des Vereins  vom Abstiegskandidaten zum Europokalteilnehmer bei. Im Januar 2009  machte ihn der damalige Trainer Hans Meyer zum Mannschaftskapit\u00e4n,  seitdem hat sich daran nichts mehr ge\u00e4ndert. Niemand in Borussias  Historie trug je l\u00e4nger die Spielf\u00fchrerbinde als Daems, der damit sogar  Vereinsikonen wie Berti Vogts (1974 bis 1979) und Wilfried Hannes (1981  und 1986) \u00fcberholt hat. Und das ist l\u00e4ngst nicht der einzige Rekord, den  der 36-j\u00e4hrige Elfmeterspezialist inne hat: Daems ist l\u00e4nger als jeder  andere ausl\u00e4ndische Spieler in der Clubgeschichte im Verein, zudem lief  niemand h\u00e4ufiger in einem Pflichtspiel im 2004 erbauten BORUSSIA-PARK  f\u00fcr die Fohlenelf auf (113 Eins\u00e4tze). Sein bis dato letztes Pflichtspiel  f\u00fcr Borussia absolvierte Daems, dessen Vertrag bei Borussia im  kommenden Sommer ausl\u00e4uft, am 19. April 2014 beim SC Freiburg (2:4).  \u201eWie es f\u00fcr mich weitergeht, wei\u00df ich noch nicht\u201c, so der 36-J\u00e4hrige.  \u201eAls Spieler wird es f\u00fcr mich wohl die letzte Saison bei Borussia sein.  Wenn ich mich noch fit f\u00fchle, w\u00fcrde ich gerne noch ein Jahr woanders  spielen. Ich kann mir aber auch vorstellen, nach meiner aktiven Karriere  eine Position bei Borussia zu \u00fcbernehmen.\u201c<\/p>\n<\/div>\n<\/div>\n","protected":false},"excerpt":{"rendered":"<p>F\u00fcr 10 Jahre Leidenschaft, Einsatzbereitschaft, Zuverl\u00e4ssigkeit, Verantwortungsbewusstsein, Ehrgeiz, Coolnis \ud83d\ude09 Treue (auch in der Zweiten Liga). Deine Bockenberg Borussen Quelle: www.Borussia.de Ein Jahrzehnt Borusse Seit zehn Jahren Borusse: Filip Daems. Filip Daems ist seit dem heutigen Dienstag auf den Tag genau seit zehn Jahren Borusse. \u201eFast ein Drittel meines Lebens bin ich nun schon Borusse. [&hellip;]<\/p>\n","protected":false},"author":2,"featured_media":0,"comment_status":"closed","ping_status":"closed","sticky":false,"template":"","format":"standard","meta":{"footnotes":""},"categories":[1],"tags":[],"class_list":["post-1444","post","type-post","status-publish","format-standard","hentry","category-news"],"_links":{"self":[{"href":"http:\/\/www.bockenberg-borussen.de\/index.php?rest_route=\/wp\/v2\/posts\/1444","targetHints":{"allow":["GET"]}}],"collection":[{"href":"http:\/\/www.bockenberg-borussen.de\/index.php?rest_route=\/wp\/v2\/posts"}],"about":[{"href":"http:\/\/www.bockenberg-borussen.de\/index.php?rest_route=\/wp\/v2\/types\/post"}],"author":[{"embeddable":true,"href":"http:\/\/www.bockenberg-borussen.de\/index.php?rest_route=\/wp\/v2\/users\/2"}],"replies":[{"embeddable":true,"href":"http:\/\/www.bockenberg-borussen.de\/index.php?rest_route=%2Fwp%2Fv2%2Fcomments&post=1444"}],"version-history":[{"count":6,"href":"http:\/\/www.bockenberg-borussen.de\/index.php?rest_route=\/wp\/v2\/posts\/1444\/revisions"}],"predecessor-version":[{"id":2039,"href":"http:\/\/www.bockenberg-borussen.de\/index.php?rest_route=\/wp\/v2\/posts\/1444\/revisions\/2039"}],"wp:attachment":[{"href":"http:\/\/www.bockenberg-borussen.de\/index.php?rest_route=%2Fwp%2Fv2%2Fmedia&parent=1444"}],"wp:term":[{"taxonomy":"category","embeddable":true,"href":"http:\/\/www.bockenberg-borussen.de\/index.php?rest_route=%2Fwp%2Fv2%2Fcategories&post=1444"},{"taxonomy":"post_tag","embeddable":true,"href":"http:\/\/www.bockenberg-borussen.de\/index.php?rest_route=%2Fwp%2Fv2%2Ftags&post=1444"}],"curies":[{"name":"wp","href":"https:\/\/api.w.org\/{rel}","templated":true}]}}